{"id":220,"date":"2019-10-11T01:36:59","date_gmt":"2019-10-10T22:36:59","guid":{"rendered":"http:\/\/ihea.net.tr\/portal\/?p=220"},"modified":"2020-10-10T01:41:29","modified_gmt":"2020-10-09T22:41:29","slug":"yerel-yonetimlerde-insan-haklari-ve-insan-haklari-egitimi","status":"publish","type":"post","link":"https:\/\/ihea.net.tr\/portal\/2019\/10\/11\/yerel-yonetimlerde-insan-haklari-ve-insan-haklari-egitimi\/","title":{"rendered":"Yerel Y\u00f6netimlerde \u0130nsan Haklar\u0131 ve \u0130nsan Haklar\u0131 E\u011fitimi"},"content":{"rendered":"<p style=\"text-align: justify;\">15 Ekim 1985 tarihinde imzalanan Avrupa Yerel Y\u00f6netim \u00d6zerklik \u015eart\u0131\u2019n\u0131 hat\u0131rlatmak i\u00e7in, 2007 y\u0131l\u0131ndan beri her y\u0131l Ekim ay\u0131nda, Avrupa Konseyi Yerel ve B\u00f6lgesel Y\u00f6netimler Kongresi\u2019nin \u00f6nc\u00fcl\u00fc\u011f\u00fcnde, Avrupa \u00e7ap\u0131nda \u00e7e\u015fitli etkinliklerle Avrupa Yerel Demokrasi Haftas\u0131 (European Local Democracy Week-ELDW) kutlanmaktad\u0131r.<\/p>\n<p style=\"text-align: justify;\">\u0130HEA, 11 Ekim 2019\u2019da Avrupa Yerel Demokrasi Haftas\u0131 kapsam\u0131nda \u201cYerel Y\u00f6netimlerde \u0130nsan Haklar\u0131 ve \u0130nsan Haklar\u0131 E\u011fitimi\u201d ba\u015fl\u0131kl\u0131 bir panel d\u00fczenlemi\u015ftir.<\/p>\n<div id='gallery-1' class='gallery galleryid-220 gallery-columns-3 gallery-size-medium'><figure class='gallery-item'>\n\t\t\t<div class='gallery-icon landscape'>\n\t\t\t\t<a href='https:\/\/ihea.net.tr\/portal\/wp-content\/uploads\/2020\/10\/11Ekim1.jpg'><img width=\"300\" height=\"225\" src=\"https:\/\/ihea.net.tr\/portal\/wp-content\/uploads\/2020\/10\/11Ekim1-300x225.jpg\" class=\"attachment-medium size-medium\" alt=\"\" loading=\"lazy\" srcset=\"https:\/\/ihea.net.tr\/portal\/wp-content\/uploads\/2020\/10\/11Ekim1-300x225.jpg 300w, https:\/\/ihea.net.tr\/portal\/wp-content\/uploads\/2020\/10\/11Ekim1-1024x768.jpg 1024w, https:\/\/ihea.net.tr\/portal\/wp-content\/uploads\/2020\/10\/11Ekim1-768x576.jpg 768w, https:\/\/ihea.net.tr\/portal\/wp-content\/uploads\/2020\/10\/11Ekim1-1536x1152.jpg 1536w, https:\/\/ihea.net.tr\/portal\/wp-content\/uploads\/2020\/10\/11Ekim1-150x113.jpg 150w, https:\/\/ihea.net.tr\/portal\/wp-content\/uploads\/2020\/10\/11Ekim1-696x522.jpg 696w, https:\/\/ihea.net.tr\/portal\/wp-content\/uploads\/2020\/10\/11Ekim1-1068x801.jpg 1068w, https:\/\/ihea.net.tr\/portal\/wp-content\/uploads\/2020\/10\/11Ekim1-560x420.jpg 560w, https:\/\/ihea.net.tr\/portal\/wp-content\/uploads\/2020\/10\/11Ekim1-80x60.jpg 80w, https:\/\/ihea.net.tr\/portal\/wp-content\/uploads\/2020\/10\/11Ekim1-265x198.jpg 265w, https:\/\/ihea.net.tr\/portal\/wp-content\/uploads\/2020\/10\/11Ekim1.jpg 1600w\" sizes=\"(max-width: 300px) 100vw, 300px\" \/><\/a>\n\t\t\t<\/div><\/figure><figure class='gallery-item'>\n\t\t\t<div class='gallery-icon landscape'>\n\t\t\t\t<a href='https:\/\/ihea.net.tr\/portal\/wp-content\/uploads\/2020\/10\/11Ekim2.jpg'><img width=\"300\" height=\"225\" src=\"https:\/\/ihea.net.tr\/portal\/wp-content\/uploads\/2020\/10\/11Ekim2-300x225.jpg\" class=\"attachment-medium size-medium\" alt=\"\" loading=\"lazy\" srcset=\"https:\/\/ihea.net.tr\/portal\/wp-content\/uploads\/2020\/10\/11Ekim2-300x225.jpg 300w, https:\/\/ihea.net.tr\/portal\/wp-content\/uploads\/2020\/10\/11Ekim2-1024x768.jpg 1024w, https:\/\/ihea.net.tr\/portal\/wp-content\/uploads\/2020\/10\/11Ekim2-768x576.jpg 768w, https:\/\/ihea.net.tr\/portal\/wp-content\/uploads\/2020\/10\/11Ekim2-1536x1152.jpg 1536w, https:\/\/ihea.net.tr\/portal\/wp-content\/uploads\/2020\/10\/11Ekim2-150x113.jpg 150w, https:\/\/ihea.net.tr\/portal\/wp-content\/uploads\/2020\/10\/11Ekim2-696x522.jpg 696w, https:\/\/ihea.net.tr\/portal\/wp-content\/uploads\/2020\/10\/11Ekim2-1068x801.jpg 1068w, https:\/\/ihea.net.tr\/portal\/wp-content\/uploads\/2020\/10\/11Ekim2-560x420.jpg 560w, https:\/\/ihea.net.tr\/portal\/wp-content\/uploads\/2020\/10\/11Ekim2-80x60.jpg 80w, https:\/\/ihea.net.tr\/portal\/wp-content\/uploads\/2020\/10\/11Ekim2-265x198.jpg 265w, https:\/\/ihea.net.tr\/portal\/wp-content\/uploads\/2020\/10\/11Ekim2.jpg 1600w\" sizes=\"(max-width: 300px) 100vw, 300px\" \/><\/a>\n\t\t\t<\/div><\/figure><figure class='gallery-item'>\n\t\t\t<div class='gallery-icon landscape'>\n\t\t\t\t<a href='https:\/\/ihea.net.tr\/portal\/wp-content\/uploads\/2020\/10\/11Ekim3.jpg'><img width=\"300\" height=\"225\" src=\"https:\/\/ihea.net.tr\/portal\/wp-content\/uploads\/2020\/10\/11Ekim3-300x225.jpg\" class=\"attachment-medium size-medium\" alt=\"\" loading=\"lazy\" srcset=\"https:\/\/ihea.net.tr\/portal\/wp-content\/uploads\/2020\/10\/11Ekim3-300x225.jpg 300w, https:\/\/ihea.net.tr\/portal\/wp-content\/uploads\/2020\/10\/11Ekim3-1024x768.jpg 1024w, https:\/\/ihea.net.tr\/portal\/wp-content\/uploads\/2020\/10\/11Ekim3-768x576.jpg 768w, https:\/\/ihea.net.tr\/portal\/wp-content\/uploads\/2020\/10\/11Ekim3-1536x1152.jpg 1536w, https:\/\/ihea.net.tr\/portal\/wp-content\/uploads\/2020\/10\/11Ekim3-150x113.jpg 150w, https:\/\/ihea.net.tr\/portal\/wp-content\/uploads\/2020\/10\/11Ekim3-696x522.jpg 696w, https:\/\/ihea.net.tr\/portal\/wp-content\/uploads\/2020\/10\/11Ekim3-1068x801.jpg 1068w, https:\/\/ihea.net.tr\/portal\/wp-content\/uploads\/2020\/10\/11Ekim3-560x420.jpg 560w, https:\/\/ihea.net.tr\/portal\/wp-content\/uploads\/2020\/10\/11Ekim3-80x60.jpg 80w, https:\/\/ihea.net.tr\/portal\/wp-content\/uploads\/2020\/10\/11Ekim3-265x198.jpg 265w, https:\/\/ihea.net.tr\/portal\/wp-content\/uploads\/2020\/10\/11Ekim3.jpg 1600w\" sizes=\"(max-width: 300px) 100vw, 300px\" \/><\/a>\n\t\t\t<\/div><\/figure>\n\t\t<\/div>\n\n","protected":false},"excerpt":{"rendered":"<p>15 Ekim 1985 tarihinde imzalanan Avrupa Yerel Y\u00f6netim \u00d6zerklik \u015eart\u0131\u2019n\u0131 hat\u0131rlatmak i\u00e7in, 2007 y\u0131l\u0131ndan beri her y\u0131l Ekim ay\u0131nda, Avrupa Konseyi Yerel ve B\u00f6lgesel Y\u00f6netimler Kongresi\u2019nin \u00f6nc\u00fcl\u00fc\u011f\u00fcnde, Avrupa \u00e7ap\u0131nda \u00e7e\u015fitli etkinliklerle Avrupa Yerel Demokrasi Haftas\u0131 (European Local Democracy Week-ELDW) kutlanmaktad\u0131r. \u0130HEA, 11 Ekim 2019\u2019da Avrupa Yerel Demokrasi Haftas\u0131 kapsam\u0131nda \u201cYerel Y\u00f6netimlerde \u0130nsan Haklar\u0131 ve \u0130nsan [&hellip;]<\/p>\n","protected":false},"author":1,"featured_media":224,"comment_status":"open","ping_status":"open","sticky":false,"template":"","format":"standard","meta":{"tdm_status":"","tdm_grid_status":""},"categories":[40,53],"tags":[],"_links":{"self":[{"href":"https:\/\/ihea.net.tr\/portal\/wp-json\/wp\/v2\/posts\/220"}],"collection":[{"href":"https:\/\/ihea.net.tr\/portal\/wp-json\/wp\/v2\/posts"}],"about":[{"href":"https:\/\/ihea.net.tr\/portal\/wp-json\/wp\/v2\/types\/post"}],"author":[{"embeddable":true,"href":"https:\/\/ihea.net.tr\/portal\/wp-json\/wp\/v2\/users\/1"}],"replies":[{"embeddable":true,"href":"https:\/\/ihea.net.tr\/portal\/wp-json\/wp\/v2\/comments?post=220"}],"version-history":[{"count":2,"href":"https:\/\/ihea.net.tr\/portal\/wp-json\/wp\/v2\/posts\/220\/revisions"}],"predecessor-version":[{"id":226,"href":"https:\/\/ihea.net.tr\/portal\/wp-json\/wp\/v2\/posts\/220\/revisions\/226"}],"wp:featuredmedia":[{"embeddable":true,"href":"https:\/\/ihea.net.tr\/portal\/wp-json\/wp\/v2\/media\/224"}],"wp:attachment":[{"href":"https:\/\/ihea.net.tr\/portal\/wp-json\/wp\/v2\/media?parent=220"}],"wp:term":[{"taxonomy":"category","embeddable":true,"href":"https:\/\/ihea.net.tr\/portal\/wp-json\/wp\/v2\/categories?post=220"},{"taxonomy":"post_tag","embeddable":true,"href":"https:\/\/ihea.net.tr\/portal\/wp-json\/wp\/v2\/tags?post=220"}],"curies":[{"name":"wp","href":"https:\/\/api.w.org\/{rel}","templated":true}]}}