{"id":77,"date":"2020-09-08T15:11:44","date_gmt":"2020-09-08T12:11:44","guid":{"rendered":"http:\/\/ihea.net.tr\/portal\/?p=77"},"modified":"2020-09-08T15:11:44","modified_gmt":"2020-09-08T12:11:44","slug":"hakkimizda","status":"publish","type":"post","link":"https:\/\/ihea.net.tr\/portal\/2020\/09\/08\/hakkimizda\/","title":{"rendered":"Hakk\u0131m\u0131zda"},"content":{"rendered":"\n<p>\u0130nsan Haklar\u0131 E\u011fitimi A\u011f\u0131 (\u0130HEA) insan haklar\u0131 e\u011fitimi alan\u0131nda faaliyet g\u00f6steren sivil toplum \u00f6rg\u00fctlerinin ve akademik topluluklar\u0131n, T\u00fcrkiye\u2019de insan haklar\u0131 e\u011fitiminin bir insan hakk\u0131 olarak benimsenmesi, bu alan\u0131n g\u00fc\u00e7lenmesi ve iyile\u015ftirilmesi amac\u0131yla birlikte \u00e7al\u0131\u015fmas\u0131, etkinlikler ve ara\u015ft\u0131rmalar yapmas\u0131, i\u015fbirli\u011fini s\u00fcrekli k\u0131lmas\u0131 i\u00e7in olu\u015fturulmu\u015f bir sivil toplum a\u011f\u0131d\u0131r. Eyl\u00fcl 2013\u2019de kurulan A\u011f, son bir y\u0131ld\u0131r, \u0130nsan Haklar\u0131 Ortak Platformunun (\u0130HOP) kolayla\u015ft\u0131r\u0131c\u0131l\u0131\u011f\u0131nda, \u015fu \u00fcyelerle \u00e7al\u0131\u015fmalar\u0131na devam etmektedir: E\u011fitim Reformu Giri\u015fimi (ERG), \u0130nsan Haklar\u0131 Derne\u011fi (\u0130HD), \u0130HD \u0130nsan Haklar\u0131 Akademisi, \u0130nsan Haklar\u0131 Okulu (\u0130HO), \u0130nsan Haklar\u0131 Ortak Platformu, Kad\u0131n\u0131n \u0130nsan Haklar\u0131 Yeni \u00c7\u00f6z\u00fcmler Derne\u011fi (K\u0130H-Y\u00c7), KAMER Vakf\u0131, KAOS GL Derne\u011fi, Kocaeli Dayan\u0131\u015fma Akademisi (KODA), M\u00fclkiyeliler Birli\u011fi \u0130nsan Haklar\u0131 Merkezi, Sivil Toplumu Geli\u015ftirme Merkezi (STGM), Tarih Vakf\u0131, U\u00e7an S\u00fcp\u00fcrge Derne\u011fi ve Uluslararas\u0131 Af \u00d6rg\u00fct\u00fc T\u00fcrkiye \u015eubesi.\u00a0<\/p>\n","protected":false},"excerpt":{"rendered":"<p>\u0130nsan Haklar\u0131 E\u011fitimi A\u011f\u0131 (\u0130HEA) insan haklar\u0131 e\u011fitimi alan\u0131nda faaliyet g\u00f6steren sivil toplum \u00f6rg\u00fctlerinin ve akademik topluluklar\u0131n, T\u00fcrkiye\u2019de insan haklar\u0131 e\u011fitiminin bir insan hakk\u0131 olarak benimsenmesi, bu alan\u0131n g\u00fc\u00e7lenmesi ve iyile\u015ftirilmesi amac\u0131yla birlikte \u00e7al\u0131\u015fmas\u0131, etkinlikler ve ara\u015ft\u0131rmalar yapmas\u0131, i\u015fbirli\u011fini s\u00fcrekli k\u0131lmas\u0131 i\u00e7in olu\u015fturulmu\u015f bir sivil toplum a\u011f\u0131d\u0131r. Eyl\u00fcl 2013\u2019de kurulan A\u011f, son bir y\u0131ld\u0131r, \u0130nsan [&hellip;]<\/p>\n","protected":false},"author":1,"featured_media":0,"comment_status":"open","ping_status":"open","sticky":false,"template":"","format":"standard","meta":{"tdm_status":"","tdm_grid_status":""},"categories":[39],"tags":[],"_links":{"self":[{"href":"https:\/\/ihea.net.tr\/portal\/wp-json\/wp\/v2\/posts\/77"}],"collection":[{"href":"https:\/\/ihea.net.tr\/portal\/wp-json\/wp\/v2\/posts"}],"about":[{"href":"https:\/\/ihea.net.tr\/portal\/wp-json\/wp\/v2\/types\/post"}],"author":[{"embeddable":true,"href":"https:\/\/ihea.net.tr\/portal\/wp-json\/wp\/v2\/users\/1"}],"replies":[{"embeddable":true,"href":"https:\/\/ihea.net.tr\/portal\/wp-json\/wp\/v2\/comments?post=77"}],"version-history":[{"count":1,"href":"https:\/\/ihea.net.tr\/portal\/wp-json\/wp\/v2\/posts\/77\/revisions"}],"predecessor-version":[{"id":78,"href":"https:\/\/ihea.net.tr\/portal\/wp-json\/wp\/v2\/posts\/77\/revisions\/78"}],"wp:attachment":[{"href":"https:\/\/ihea.net.tr\/portal\/wp-json\/wp\/v2\/media?parent=77"}],"wp:term":[{"taxonomy":"category","embeddable":true,"href":"https:\/\/ihea.net.tr\/portal\/wp-json\/wp\/v2\/categories?post=77"},{"taxonomy":"post_tag","embeddable":true,"href":"https:\/\/ihea.net.tr\/portal\/wp-json\/wp\/v2\/tags?post=77"}],"curies":[{"name":"wp","href":"https:\/\/api.w.org\/{rel}","templated":true}]}}