{"id":79,"date":"2020-09-08T15:13:13","date_gmt":"2020-09-08T12:13:13","guid":{"rendered":"http:\/\/ihea.net.tr\/portal\/?p=79"},"modified":"2020-09-08T15:17:40","modified_gmt":"2020-09-08T12:17:40","slug":"uyeler","status":"publish","type":"post","link":"https:\/\/ihea.net.tr\/portal\/2020\/09\/08\/uyeler\/","title":{"rendered":"\u00dcyeler"},"content":{"rendered":"\n<p><strong>E\u011fitim Reformu Giri\u015fimi: <\/strong>2003 y\u0131l\u0131nda, \u00e7ocu\u011fun ve toplumun geli\u015fimi i\u00e7in e\u011fitimde yap\u0131sal d\u00f6n\u00fc\u015f\u00fcme nitelikli veri, yap\u0131c\u0131 diyalog ve farkl\u0131 g\u00f6r\u00fc\u015flerden ortak ak\u0131l olu\u015fturarak katk\u0131 yapmay\u0131 ama\u00e7layan, ba\u011f\u0131ms\u0131z ve kar amac\u0131 g\u00fctmeyen bir giri\u015fim olarak kurulmu\u015ftur. T\u00fcrkiye\u2019nin \u00f6nde gelen vak\u0131flar\u0131 taraf\u0131ndan desteklenmektedir. Giri\u015fim, E\u011fitim G\u00f6zlemevi \u00e7al\u0131\u015fmalar\u0131 alt\u0131nda her y\u0131l e\u011fitim izleme raporlar\u0131 haz\u0131rlamaktad\u0131r. E\u011fitim Laboratuvar\u0131 \u00e7al\u0131\u015fmalar\u0131yla ise \u00e7e\u015fitli uzmanl\u0131k alanlar\u0131ndan ki\u015fi ve kurumlar\u0131 bir araya getirerek farkl\u0131 g\u00f6r\u00fc\u015flerden ortak alan yaratmaya \u00e7aba g\u00f6stermektedir.<\/p>\n\n\n\n<figure class=\"wp-block-embed\"><div class=\"wp-block-embed__wrapper\">\nhttps:\/\/www.egitimreformugirisimi.org\/\n<\/div><\/figure>\n\n\n\n<p><strong>\u0130nsan Haklar\u0131 Derne\u011fi (\u0130HD)<\/strong>: 1986\u2019da kurulan \u0130nsan Haklar\u0131 Derne\u011fi, \u00fclke \u00e7ap\u0131nda il ve il\u00e7e merkezlerinde 28 \u015fube ve 5 temsilcilik \u015feklinde \u00f6rg\u00fctlenmi\u015f geni\u015f bir a\u011fa sahiptir. Dernek \u015fik\u00e2yet ba\u015fvurular\u0131n\u0131 kabul etmekte, ara\u015ft\u0131rma ve inceleme ziyaretleri d\u00fczenlemekte, d\u00fczenli insan haklar\u0131 raporlar\u0131 yay\u0131nlamakta, \u00fcyelerine y\u00f6nelik kapasite geli\u015ftirme \u00e7al\u0131\u015fmalar\u0131 y\u00fcr\u00fctmekte ve kampanyalar d\u00fczenlemektedir.<\/p>\n\n\n\n<figure class=\"wp-block-embed-wordpress wp-block-embed is-type-wp-embed is-provider-insan-haklari-dernegi\"><div class=\"wp-block-embed__wrapper\">\n<blockquote class=\"wp-embedded-content\" data-secret=\"qhBqBKJ7tg\"><a href=\"https:\/\/www.ihd.org.tr\/\">08042019<\/a><\/blockquote><iframe class=\"wp-embedded-content\" sandbox=\"allow-scripts\" security=\"restricted\" style=\"position: absolute; clip: rect(1px, 1px, 1px, 1px);\" title=\"&#8220;08042019&#8221; &#8212; \u0130nsan Haklar\u0131 Derne\u011fi\" src=\"https:\/\/www.ihd.org.tr\/embed\/#?secret=qhBqBKJ7tg\" data-secret=\"qhBqBKJ7tg\" width=\"600\" height=\"338\" frameborder=\"0\" marginwidth=\"0\" marginheight=\"0\" scrolling=\"no\"><\/iframe>\n<\/div><\/figure>\n\n\n\n<p><strong>\u0130HD \u0130nsan Haklar\u0131 Akademisi<\/strong>: \u0130HD b\u00fcnyesinde yap\u0131lan insan haklar\u0131 e\u011fitimi faaliyetleri, 2011\u2019den beri ayr\u0131 bir t\u00fczel ki\u015filik halinde \u00f6rg\u00fctlenmese de bu \u00e7at\u0131 alt\u0131nda y\u00fcr\u00fct\u00fclmektedir. Ankara, \u0130stanbul, Diyarbak\u0131r, \u0130zmir ve Adana\u2019da ve \u00e7o\u011funlukla Derne\u011fin mek\u00e2nlar\u0131nda insan haklar\u0131 kuram\u0131, felsefesi, tarihi konular\u0131nda ve farkl\u0131 hak alanlar\u0131nda e\u011fitimler d\u00fczenlemektedir.<\/p>\n\n\n\n<figure class=\"wp-block-embed\"><div class=\"wp-block-embed__wrapper\">\nhttps:\/\/www.ihd.org.tr\/category\/c71-insan-haklari-akademisi\/\n<\/div><\/figure>\n\n\n\n<p><strong>\u0130nsan Haklar\u0131 Okulu (\u0130HO)<\/strong>: \u00c7ekirdek kadrosunu kapanan Siyasal Bilgiler Fak\u00fcltesi \u0130nsan Haklar\u0131 Merkezi kadrosunun olu\u015fturdu\u011fu, alan\u0131n \u00f6nde gelen isimleriyle geni\u015fleyen, Demokrasi ve \u0130nsan Haklar\u0131 i\u00e7in Avrupa Arac\u0131 (D\u0130HAA) taraf\u0131ndan desteklenen ve 2018\u2019de faaliyete ge\u00e7en bir online uzaktan e\u011fitim at\u00f6lyesi program\u0131d\u0131r. Alternatif bir ele\u015ftirel ve akademik alan yaratmak, insan haklar\u0131 akademisini sivil topluma ta\u015f\u0131mak ve sivil toplumdan beslenerek insan haklar\u0131 \u00e7al\u0131\u015fmalar\u0131n\u0131 hem teorik hem de pratik ba\u011flamda geli\u015ftirmek ve derinle\u015ftirmek ama\u00e7lar\u0131n\u0131 g\u00fcden, t\u00fcm akademisyenlere, lisans\u00fcst\u00fc \u00f6\u011frencilere ve hak savunucular\u0131na a\u00e7\u0131k bir programd\u0131r.<\/p>\n\n\n\n<figure class=\"wp-block-embed\"><div class=\"wp-block-embed__wrapper\">\nhttps:\/\/insanhaklariokulu.org\/\n<\/div><\/figure>\n\n\n\n<p><strong>\u0130nsan Haklar\u0131 Ortak Platformu (\u0130HOP)<\/strong>: H\u00fck\u00fcmet d\u0131\u015f\u0131 insan haklar\u0131 \u00f6rg\u00fctlerinin insan haklar\u0131 alan\u0131nda tek ba\u015flar\u0131na etkili \u00e7\u00f6z\u00fcm \u00fcretemedikleri konularda birlikte hareket etmelerine olanak sa\u011flayacak bir ortam yaratmak \u00fczere, Haziran 2005 tarihinde kurulmu\u015ftur. \u0130HOP insan haklar\u0131 hareketi i\u00e7inde yer alan \u00f6rg\u00fctlerin birbiriyle etkile\u015fim halinde olaca\u011f\u0131, g\u00f6r\u00fc\u015f, bilgi ve deneyim payla\u015f\u0131m\u0131nda bulunaca\u011f\u0131 ve b\u00f6ylelikle birlikte y\u00fcr\u00fct\u00fclecek eylemleri \u00e7o\u011faltaca\u011f\u0131 bir ortam\u0131 sa\u011flamak i\u00e7in \u00e7aba g\u00f6stererek, insan haklar\u0131 e\u011fitimi veren sivil toplum kurulu\u015flar\u0131n\u0131 da desteklemektedir.<\/p>\n\n\n\n<figure class=\"wp-block-embed-wordpress wp-block-embed is-type-wp-embed is-provider-ihop\"><div class=\"wp-block-embed__wrapper\">\n<blockquote class=\"wp-embedded-content\" data-secret=\"4Mi9yzDUzc\"><a href=\"https:\/\/ihop.org.tr\/\">Homepage 1<\/a><\/blockquote><iframe class=\"wp-embedded-content\" sandbox=\"allow-scripts\" security=\"restricted\" style=\"position: absolute; clip: rect(1px, 1px, 1px, 1px);\" title=\"&#8220;Homepage 1&#8221; &#8212; \u0130HOP\" src=\"https:\/\/ihop.org.tr\/embed\/#?secret=4Mi9yzDUzc\" data-secret=\"4Mi9yzDUzc\" width=\"600\" height=\"338\" frameborder=\"0\" marginwidth=\"0\" marginheight=\"0\" scrolling=\"no\"><\/iframe>\n<\/div><\/figure>\n\n\n\n<p><strong>Kad\u0131n\u0131n \u0130nsan Haklar\u0131 Yeni \u00c7\u00f6z\u00fcmler Derne\u011fi (K\u0130H-Y\u00c7)<\/strong>: T\u00fcrkiye\u2019de ve d\u00fcnyada kad\u0131nlar\u0131n insan haklar\u0131n\u0131 savunmak ve hayata ge\u00e7irmek amac\u0131yla 1993 y\u0131l\u0131nda kurulan ba\u011f\u0131ms\u0131z bir kad\u0131n \u00f6rg\u00fct\u00fcd\u00fcr. Ad\u0131n\u0131 BM\u2019nin ayn\u0131 y\u0131l Viyana\u2019da d\u00fczenlenen \u0130nsan Haklar\u0131 D\u00fcnya Konferans\u0131&#8217;nda ortaya \u00e7\u0131kan \u201cKad\u0131n haklar\u0131, insan haklar\u0131d\u0131r!\u201d s\u00f6yleminden alan \u00f6rg\u00fct, kad\u0131n\u0131n insan haklar\u0131n\u0131n eksiksiz uygulanmas\u0131n\u0131 ve kad\u0131nlar\u0131n hayat\u0131n her alan\u0131na \u00f6zg\u00fcr bireyler ve e\u015fit yurtta\u015flar olarak kat\u0131l\u0131m\u0131n\u0131 desteklemek amac\u0131yla yerel, ulusal, b\u00f6lgesel ve uluslararas\u0131 d\u00fczeylerde \u00e7al\u0131\u015fmaktad\u0131r. Kad\u0131nlar\u0131n, haklar\u0131n\u0131 kullanabilmeleri i\u00e7in fark\u0131ndal\u0131k ve becerilerini art\u0131rmak ve onlar\u0131 toplumsal de\u011fi\u015fimde aktif olmalar\u0131 konusunda te\u015fvik etmek amac\u0131yla kad\u0131n\u0131n insan haklar\u0131n\u0131 temel alan e\u011fitim programlar\u0131 geli\u015ftirip uygulamaktad\u0131r.<\/p>\n\n\n\n<figure class=\"wp-block-embed-wordpress wp-block-embed is-type-wp-embed is-provider-kadinin-insan-haklari-yeni-cozumler-dernegi\"><div class=\"wp-block-embed__wrapper\">\n<blockquote class=\"wp-embedded-content\" data-secret=\"cBcBBbJUBb\"><a href=\"https:\/\/www.kadinininsanhaklari.org\/\">Ana Sayfa<\/a><\/blockquote><iframe class=\"wp-embedded-content\" sandbox=\"allow-scripts\" security=\"restricted\" style=\"position: absolute; clip: rect(1px, 1px, 1px, 1px);\" title=\"&#8220;Ana Sayfa&#8221; &#8212; Kad\u0131n\u0131n \u0130nsan Haklar\u0131 Yeni \u00c7\u00f6z\u00fcmler Derne\u011fi\" src=\"https:\/\/www.kadinininsanhaklari.org\/embed\/#?secret=cBcBBbJUBb\" data-secret=\"cBcBBbJUBb\" width=\"600\" height=\"338\" frameborder=\"0\" marginwidth=\"0\" marginheight=\"0\" scrolling=\"no\"><\/iframe>\n<\/div><\/figure>\n\n\n\n<p><strong>KAMER Vakf\u0131<\/strong>: 1997 y\u0131l\u0131nda Diyarbak\u0131r\u2019da kurulan KAMER, bu il ve \u00e7evre illerde cinsiyet\u00e7i de\u011ferlerin bi\u00e7imlendirdi\u011fi k\u00fclt\u00fcr ve geleneklerin kad\u0131n ve \u00e7ocuklara zarar veren uygulamalar\u0131n\u0131 tespit etmek, alternatiflerini geli\u015ftirmek ve uygulanabilir olmalar\u0131n\u0131 sa\u011flamak amac\u0131n\u0131 ta\u015f\u0131yan faaliyetler y\u00fcr\u00fctmektedir. Kad\u0131n\u0131n insan haklar\u0131, erken \u00e7ocukluk d\u00f6nemi e\u011fitimi ve \u00e7e\u015fitli alanlarda e\u011fitim faaliyetleri yapmaktad\u0131r.<\/p>\n\n\n\n<figure class=\"wp-block-embed\"><div class=\"wp-block-embed__wrapper\">\nhttps:\/\/www.kamer.org.tr\/\n<\/div><\/figure>\n\n\n\n<p><strong>KAOS GL Derne\u011fi<\/strong>: 1990\u2019lar\u0131n ba\u015f\u0131ndan itibaren \u00f6nce bir dergi \u00e7evresi olarak \u00e7al\u0131\u015fmalar\u0131na ba\u015flam\u0131\u015f; 1999\u2019da KAOS K\u00fclt\u00fcr Merkezi ve K\u00fct\u00fcphanesi kurulmu\u015f ve 2005\u2019te T\u00fcrkiye\u2019nin cinsel y\u00f6nelim ve cinsiyet kimli\u011fi alan\u0131nda \u00e7al\u0131\u015fan ilk derne\u011fi olarak resmen kurulmu\u015ftur. Derne\u011fin \u00e7al\u0131\u015fma alanlar\u0131 i\u00e7inde e\u011fitim \u00e7al\u0131\u015fmalar\u0131 yapmak ve bilimsel toplant\u0131lar yapmak say\u0131lmaktad\u0131r. Dernek, genel olarak insan haklar\u0131 e\u011fitimleri d\u00fczenlemenin yan\u0131 s\u0131ra, ilgili meslek gruplar\u0131na y\u00f6nelik insan haklar\u0131 e\u011fitimleri d\u00fczenlemektedir. Ayr\u0131ca, KAOS GL\u2019nin \u00e7al\u0131\u015fma gruplar\u0131ndan biri olan E\u011fitimde Ayr\u0131mc\u0131l\u0131k \u00c7al\u0131\u015fma Grubu, ba\u015fta cinsiyet ve cinsel y\u00f6nelim ayr\u0131mc\u0131l\u0131\u011f\u0131 olmak \u00fczere e\u011fitim sistemindeki her t\u00fcrl\u00fc ayr\u0131mc\u0131, d\u0131\u015flay\u0131c\u0131 ve e\u015fitsizlik \u00fcreten prati\u011fi de\u015fifre etmek amac\u0131yla izleme, raporlama, bilgilendirme faaliyetleri y\u00fcr\u00fctmekte ve alternatif politikalar\u0131n olu\u015fturulmas\u0131 i\u00e7in \u00e7al\u0131\u015fmaktad\u0131r.<\/p>\n\n\n\n<figure class=\"wp-block-embed\"><div class=\"wp-block-embed__wrapper\">\nhttp:\/\/www.kaosgldernegi.org\/anasayfa.php\n<\/div><\/figure>\n\n\n\n<p><strong>Kocaeli Dayan\u0131\u015fma Akademisi (KODA)<\/strong>: \u201cBu Su\u00e7a Ortak Olmayaca\u011f\u0131z\u201d ba\u015fl\u0131kl\u0131 bar\u0131\u015f bildirisine imza att\u0131klar\u0131 i\u00e7in 1 Eyl\u00fcl 2016\u2019da yay\u0131mlanan 672 Say\u0131l\u0131 KHK ile Kocaeli \u00dcniversitesi\u2019nden topluca ihra\u00e7 edilmi\u015f akademisyenlerin, davalar\u0131n\u0131 payla\u015fan g\u00f6revdeki akademisyenlerle birlikte kurduklar\u0131, hem \u00fcyeleri aras\u0131nda hem de \u00e7evresiyle dayan\u0131\u015fma amac\u0131 g\u00fcden, Kocaeli merkezli faaliyet g\u00f6steren, akademik iddia ta\u015f\u0131yan, bar\u0131\u015f ve demokrasi i\u00e7in \u00e7aba g\u00f6steren bir inisiyatiftir. 30 Ekim 2017 itibariyle Kocaeli Dayan\u0131\u015fma ve Ara\u015ft\u0131rma Derne\u011fi olarak kurumsalla\u015fm\u0131\u015ft\u0131r. Genel olarak demokrasi, insan haklar\u0131 ve bilimsel \u00e7al\u0131\u015fmalar alan\u0131nda at\u00f6lyeler, seminerler d\u00fczenlemi\u015f, yaz okullar\u0131 yapm\u0131\u015ft\u0131r.&nbsp; 2018-2019 y\u0131llar\u0131nda Demokrasi ve \u0130nsan Haklar\u0131 i\u00e7in Avrupa Arac\u0131 (D\u0130HAA) taraf\u0131ndan desteklenen Hayat Bilgisi Okulu (HBO) projesi kapsam\u0131nda e\u011fitim \u00e7al\u0131\u015fmalar\u0131 y\u00fcr\u00fctm\u00fc\u015ft\u00fcr.<\/p>\n\n\n\n<figure class=\"wp-block-embed-wordpress wp-block-embed is-type-wp-embed is-provider-kocaeli-dayanisma-akademisi\"><div class=\"wp-block-embed__wrapper\">\n<blockquote class=\"wp-embedded-content\" data-secret=\"HtmhSFt4PX\"><a href=\"https:\/\/www.kocaelidayanisma.org\/\">ANASAYFA<\/a><\/blockquote><iframe class=\"wp-embedded-content\" sandbox=\"allow-scripts\" security=\"restricted\" style=\"position: absolute; clip: rect(1px, 1px, 1px, 1px);\" title=\"&#8220;ANASAYFA&#8221; &#8212; Kocaeli Dayan\u0131\u015fma Akademisi\" src=\"https:\/\/www.kocaelidayanisma.org\/embed\/#?secret=HtmhSFt4PX\" data-secret=\"HtmhSFt4PX\" width=\"600\" height=\"338\" frameborder=\"0\" marginwidth=\"0\" marginheight=\"0\" scrolling=\"no\"><\/iframe>\n<\/div><\/figure>\n\n\n\n<p><strong>M\u00fclkiyeliler Birli\u011fi \u0130nsan Haklar\u0131 Merkezi<\/strong>: Ankara \u00dcniversitesi Siyasal Bilgiler Fak\u00fcltesi \u0130nsan Haklar\u0131 Merkezinin kapat\u0131lmas\u0131ndan sonra, bu yap\u0131n\u0131n ve gelene\u011fin M\u00fclkiyeliler Birli\u011fi \u00e7at\u0131s\u0131 alt\u0131nda s\u00fcrd\u00fcr\u00fclmesi ve geli\u015ftirilmesi amac\u0131yla May\u0131s 2018\u2019de a\u00e7\u0131lm\u0131\u015ft\u0131r. Merkez insan haklar\u0131 ya bu alanla kesi\u015fen \u00e7e\u015fitli sosyal ve siyasal konularda herkese a\u00e7\u0131k konferanslar, s\u00f6yle\u015filer d\u00fczenlemekte ve bu alanda ara\u015ft\u0131rmalar yapmaktad\u0131r.<\/p>\n\n\n\n<figure class=\"wp-block-embed-wordpress wp-block-embed is-type-wp-embed is-provider-mulkiyeliler-birligi\"><div class=\"wp-block-embed__wrapper\">\n<blockquote class=\"wp-embedded-content\" data-secret=\"FFQAro3BYY\"><a href=\"https:\/\/mulkiye.org.tr\/\">FlexSlider<\/a><\/blockquote><iframe class=\"wp-embedded-content\" sandbox=\"allow-scripts\" security=\"restricted\" style=\"position: absolute; clip: rect(1px, 1px, 1px, 1px);\" title=\"&#8220;FlexSlider&#8221; &#8212; M\u00fclkiyeliler Birli\u011fi\" src=\"https:\/\/mulkiye.org.tr\/embed\/#?secret=FFQAro3BYY\" data-secret=\"FFQAro3BYY\" width=\"600\" height=\"338\" frameborder=\"0\" marginwidth=\"0\" marginheight=\"0\" scrolling=\"no\"><\/iframe>\n<\/div><\/figure>\n\n\n\n<p><strong>Sivil Toplumu Geli\u015ftirme Merkezi (STGM)<\/strong>: 2004 y\u0131l\u0131nda, T\u00fcrkiye\u2019de sivil ve kat\u0131l\u0131mc\u0131 demokrasinin gere\u011fine inanan bir grup fikir \u00f6nderi ve sivil aktivist taraf\u0131ndan dernek stat\u00fcs\u00fcnde sivil bir yap\u0131 olarak kurulan ve merkez ofisi Ankara&#8217;da bulunan STGM&#8217;nin Adana, Denizli, Diyarbak\u0131r ve Eski\u015fehir&#8217;de d\u00f6rt yerel destek merkezi bulunmaktad\u0131r. STGM&#8217;nin temel amac\u0131 sivil toplum kurulu\u015flar\u0131n\u0131n, kat\u0131l\u0131mc\u0131 demokraside daha aktif rol alabilmeleri i\u00e7in, kapasitelerinin geli\u015ftirilmesine destek olmakt\u0131r. STGM bu do\u011frultuda yerel \u00f6rg\u00fctlere kendi yapabilme g\u00fc\u00e7lerini art\u0131rma do\u011frultusunda destek vermekte, b\u00f6ylece insan haklar\u0131 e\u011fitimi veren \u00f6rg\u00fctleri de g\u00fc\u00e7lendirmektedir.<\/p>\n\n\n\n<figure class=\"wp-block-embed\"><div class=\"wp-block-embed__wrapper\">\nhttp:\/\/www.stgm.org.tr\/tr\n<\/div><\/figure>\n\n\n\n<p><strong>Tarih Vakf\u0131<\/strong>: Ba\u015fta tarih\u00e7iler ve toplumbilimciler olmak \u00fczere, \u00e7e\u015fitli meslek ve \u00e7evrelerden 264 ayd\u0131n taraf\u0131ndan 1991\u2019de kurulmu\u015ftur. T\u00fcrkiye&#8217;de tarih bilincini geli\u015ftirip yayg\u0131nla\u015ft\u0131rmay\u0131 ama\u00e7layan ve kamu yarar\u0131 i\u00e7in \u00e7al\u0131\u015fan bir sivil toplum kurulu\u015fudur. Vak\u0131f ama\u00e7lar\u0131n\u0131, her t\u00fcrl\u00fc ara\u015ft\u0131rma, e\u011fitim ve k\u00fct\u00fcphanecilik-ar\u015fivcilik etkinli\u011fi ile bas\u0131l\u0131 yay\u0131n, elektronik yay\u0131n, belgesel film, radyo ve televizyon programlar\u0131, tarih alan\u0131nda sanat ve edebiyat \u00fcr\u00fcnleri \u00fcretimi, m\u00fczecilik-sergicilik, bilimsel toplant\u0131 \u00f6rg\u00fctleyicili\u011fi, k\u00fclt\u00fcr turizmi ve benzeri \u00e7al\u0131\u015fmalar yaparak, yapt\u0131rarak ya da yap\u0131lmas\u0131n\u0131 destekleyerek ger\u00e7ekle\u015ftirmektedir.<\/p>\n\n\n\n<figure class=\"wp-block-embed\"><div class=\"wp-block-embed__wrapper\">\nhttps:\/\/www.tarihvakfi.org.tr\/\n<\/div><\/figure>\n\n\n\n<p><strong>U\u00e7an S\u00fcp\u00fcrge Kad\u0131n \u0130leti\u015fim ve Ara\u015ft\u0131rma Derne\u011fi<\/strong>: Kad\u0131n\u0131n insan haklar\u0131 ve k\u0131z \u00e7ocuklar\u0131n insan haklar\u0131 alan\u0131nda, uluslararas\u0131 s\u00f6zle\u015fmeleri rehber edinerek \u00e7al\u0131\u015fmalar y\u00fcr\u00fcten bir dernektir. Bu kapsamda T\u00fcrkiye\u2019deki kad\u0131nlar\u0131n ve k\u0131z \u00e7ocuklar\u0131n ihtiya\u00e7lar\u0131 konusunda, ilgili ki\u015fi ve kurumlarla i\u015fbirli\u011fi yaparak, sorunlara birlikte \u00e7\u00f6z\u00fcm arayarak, fark\u0131ndal\u0131k ve \u00e7\u00f6z\u00fcm \u00f6nerileri sunmaktad\u0131r.<\/p>\n\n\n\n<figure class=\"wp-block-embed-wordpress wp-block-embed is-type-wp-embed is-provider-wordpress\"><div class=\"wp-block-embed__wrapper\">\n<blockquote class=\"wp-embedded-content\" data-secret=\"Tq4oGKCI5T\"><a href=\"http:\/\/ucansupurgedernegi.com\/\">U\u00e7an S\u00fcp\u00fcrge Derne\u011fi Ana Sayfa<\/a><\/blockquote><iframe class=\"wp-embedded-content\" sandbox=\"allow-scripts\" security=\"restricted\" style=\"position: absolute; clip: rect(1px, 1px, 1px, 1px);\" title=\"&#8220;U\u00e7an S\u00fcp\u00fcrge Derne\u011fi Ana Sayfa&#8221; &#8212; \" src=\"http:\/\/ucansupurgedernegi.com\/embed\/#?secret=Tq4oGKCI5T\" data-secret=\"Tq4oGKCI5T\" width=\"600\" height=\"338\" frameborder=\"0\" marginwidth=\"0\" marginheight=\"0\" scrolling=\"no\"><\/iframe>\n<\/div><\/figure>\n\n\n\n<p><strong>Uluslararas\u0131 Af \u00d6rg\u00fct\u00fc (UA\u00d6) T\u00fcrkiye \u015eubesi: <\/strong>2002 y\u0131l\u0131nda kurulmu\u015ftur. UA\u00d6 insan haklar\u0131 e\u011fitimi ile ilgili faaliyetlerini etkili k\u0131lmak ve yayg\u0131nla\u015ft\u0131rmak amac\u0131yla, uluslararas\u0131 d\u00fczeyde 2004 y\u0131l\u0131ndan itibaren \u0130nsan Haklar\u0131 E\u011fitimi Eylem Program\u0131n\u0131 ba\u015flatm\u0131\u015f ve bu ama\u00e7la T\u00fcrkiye \u015eubesi Ankara\u2019da bir \u0130nsan Haklar\u0131 E\u011fitimi Ofisi olu\u015fturmu\u015ftur. Bu kapsamda insan haklar\u0131 e\u011fitim programlar\u0131 d\u00fczenlenmekte ve i\u015f\u00e7i haklar\u0131, LGBT\u0130 haklar\u0131, kad\u0131na y\u00f6nelik \u015fiddet ve m\u00fclteci haklar\u0131 alanlar\u0131nda e\u011fitimler ve kampanyalar y\u00fcr\u00fct\u00fclmektedir.<a href=\"https:\/\/www.amnesty.org.tr\/\">https:\/\/www.amnesty.org.tr\/<\/a><\/p>\n","protected":false},"excerpt":{"rendered":"<p>E\u011fitim Reformu Giri\u015fimi: 2003 y\u0131l\u0131nda, \u00e7ocu\u011fun ve toplumun geli\u015fimi i\u00e7in e\u011fitimde yap\u0131sal d\u00f6n\u00fc\u015f\u00fcme nitelikli veri, yap\u0131c\u0131 diyalog ve farkl\u0131 g\u00f6r\u00fc\u015flerden ortak ak\u0131l olu\u015fturarak katk\u0131 yapmay\u0131 ama\u00e7layan, ba\u011f\u0131ms\u0131z ve kar amac\u0131 g\u00fctmeyen bir giri\u015fim olarak kurulmu\u015ftur. T\u00fcrkiye\u2019nin \u00f6nde gelen vak\u0131flar\u0131 taraf\u0131ndan desteklenmektedir. Giri\u015fim, E\u011fitim G\u00f6zlemevi \u00e7al\u0131\u015fmalar\u0131 alt\u0131nda her y\u0131l e\u011fitim izleme raporlar\u0131 haz\u0131rlamaktad\u0131r. E\u011fitim Laboratuvar\u0131 \u00e7al\u0131\u015fmalar\u0131yla [&hellip;]<\/p>\n","protected":false},"author":1,"featured_media":0,"comment_status":"open","ping_status":"open","sticky":false,"template":"","format":"standard","meta":{"tdm_status":"","tdm_grid_status":""},"categories":[39,1],"tags":[],"_links":{"self":[{"href":"https:\/\/ihea.net.tr\/portal\/wp-json\/wp\/v2\/posts\/79"}],"collection":[{"href":"https:\/\/ihea.net.tr\/portal\/wp-json\/wp\/v2\/posts"}],"about":[{"href":"https:\/\/ihea.net.tr\/portal\/wp-json\/wp\/v2\/types\/post"}],"author":[{"embeddable":true,"href":"https:\/\/ihea.net.tr\/portal\/wp-json\/wp\/v2\/users\/1"}],"replies":[{"embeddable":true,"href":"https:\/\/ihea.net.tr\/portal\/wp-json\/wp\/v2\/comments?post=79"}],"version-history":[{"count":1,"href":"https:\/\/ihea.net.tr\/portal\/wp-json\/wp\/v2\/posts\/79\/revisions"}],"predecessor-version":[{"id":80,"href":"https:\/\/ihea.net.tr\/portal\/wp-json\/wp\/v2\/posts\/79\/revisions\/80"}],"wp:attachment":[{"href":"https:\/\/ihea.net.tr\/portal\/wp-json\/wp\/v2\/media?parent=79"}],"wp:term":[{"taxonomy":"category","embeddable":true,"href":"https:\/\/ihea.net.tr\/portal\/wp-json\/wp\/v2\/categories?post=79"},{"taxonomy":"post_tag","embeddable":true,"href":"https:\/\/ihea.net.tr\/portal\/wp-json\/wp\/v2\/tags?post=79"}],"curies":[{"name":"wp","href":"https:\/\/api.w.org\/{rel}","templated":true}]}}