{"id":82,"date":"2020-09-08T15:16:15","date_gmt":"2020-09-08T12:16:15","guid":{"rendered":"http:\/\/ihea.net.tr\/portal\/?p=82"},"modified":"2020-09-08T15:16:15","modified_gmt":"2020-09-08T12:16:15","slug":"vizyon-misyon","status":"publish","type":"post","link":"https:\/\/ihea.net.tr\/portal\/2020\/09\/08\/vizyon-misyon\/","title":{"rendered":"Vizyon- Misyon"},"content":{"rendered":"<ul>\n<li><strong>Vizyon: <\/strong>\u0130nsan Haklar\u0131 E\u011fitimi A\u011f\u0131\u2019n\u0131n vizyonu, insan haklar\u0131 e\u011fitimi alan\u0131nda bilgi ve referans merkezi haline gelmek i\u00e7in \u00e7al\u0131\u015fman\u0131n yan\u0131nda, insan haklar\u0131 e\u011fitimi akt\u00f6rlerinin, bu alanda karar alma ve politika olu\u015fturmada etkilerini geli\u015ftirdi\u011fi ve insan haklar\u0131 e\u011fitimine y\u00f6nelik sayg\u0131n\u0131n ve sahiplenmenin artt\u0131\u011f\u0131 bir T\u00fcrkiye\u2019nin olu\u015fmas\u0131 i\u00e7in \u00e7aba g\u00f6stermektir. \u0130HEA, uzun vadede, T\u00fcrkiye\u2019de kurumsalla\u015fm\u0131\u015f ve her alanda yayg\u0131nla\u015ft\u0131r\u0131lm\u0131\u015f insan haklar\u0131 e\u011fitimi ortam\u0131n\u0131n geli\u015ftirilmesine katk\u0131da bulunmay\u0131 ama\u00e7lamaktad\u0131r.<\/li>\n<li><strong>Misyon: <\/strong>\u0130nsan Haklar\u0131 E\u011fitimi A\u011f\u0131\u2019n\u0131n misyonu insan haklar\u0131 e\u011fitimi konusunda bilgi \u00fcretmek, insan haklar\u0131 e\u011fitiminin insan haklar\u0131na katk\u0131s\u0131n\u0131 g\u00f6r\u00fcn\u00fcr k\u0131lmak i\u00e7in fark\u0131ndal\u0131k geli\u015ftirmek,\u00a0 insan haklar\u0131 e\u011fitimi konusunda sekt\u00f6rler aras\u0131 diyalog ve i\u015fbirli\u011fine katk\u0131 koymak, izleme ve raporlamaya dayanan savunuculuk ve lobi faaliyetleri ger\u00e7ekle\u015ftirmek ve sivil alanda insan haklar\u0131 e\u011fitimi yapan akt\u00f6rlerin \u00f6rg\u00fctlenmesini ve kapasitesini g\u00fc\u00e7lendirmektir.<\/li>\n<\/ul>\n","protected":false},"excerpt":{"rendered":"<p>Vizyon: \u0130nsan Haklar\u0131 E\u011fitimi A\u011f\u0131\u2019n\u0131n vizyonu, insan haklar\u0131 e\u011fitimi alan\u0131nda bilgi ve referans merkezi haline gelmek i\u00e7in \u00e7al\u0131\u015fman\u0131n yan\u0131nda, insan haklar\u0131 e\u011fitimi akt\u00f6rlerinin, bu alanda karar alma ve politika olu\u015fturmada etkilerini geli\u015ftirdi\u011fi ve insan haklar\u0131 e\u011fitimine y\u00f6nelik sayg\u0131n\u0131n ve sahiplenmenin artt\u0131\u011f\u0131 bir T\u00fcrkiye\u2019nin olu\u015fmas\u0131 i\u00e7in \u00e7aba g\u00f6stermektir. \u0130HEA, uzun vadede, T\u00fcrkiye\u2019de kurumsalla\u015fm\u0131\u015f ve her alanda [&hellip;]<\/p>\n","protected":false},"author":1,"featured_media":0,"comment_status":"open","ping_status":"open","sticky":false,"template":"","format":"standard","meta":{"tdm_status":"","tdm_grid_status":""},"categories":[39],"tags":[],"_links":{"self":[{"href":"https:\/\/ihea.net.tr\/portal\/wp-json\/wp\/v2\/posts\/82"}],"collection":[{"href":"https:\/\/ihea.net.tr\/portal\/wp-json\/wp\/v2\/posts"}],"about":[{"href":"https:\/\/ihea.net.tr\/portal\/wp-json\/wp\/v2\/types\/post"}],"author":[{"embeddable":true,"href":"https:\/\/ihea.net.tr\/portal\/wp-json\/wp\/v2\/users\/1"}],"replies":[{"embeddable":true,"href":"https:\/\/ihea.net.tr\/portal\/wp-json\/wp\/v2\/comments?post=82"}],"version-history":[{"count":1,"href":"https:\/\/ihea.net.tr\/portal\/wp-json\/wp\/v2\/posts\/82\/revisions"}],"predecessor-version":[{"id":83,"href":"https:\/\/ihea.net.tr\/portal\/wp-json\/wp\/v2\/posts\/82\/revisions\/83"}],"wp:attachment":[{"href":"https:\/\/ihea.net.tr\/portal\/wp-json\/wp\/v2\/media?parent=82"}],"wp:term":[{"taxonomy":"category","embeddable":true,"href":"https:\/\/ihea.net.tr\/portal\/wp-json\/wp\/v2\/categories?post=82"},{"taxonomy":"post_tag","embeddable":true,"href":"https:\/\/ihea.net.tr\/portal\/wp-json\/wp\/v2\/tags?post=82"}],"curies":[{"name":"wp","href":"https:\/\/api.w.org\/{rel}","templated":true}]}}