{"id":86,"date":"2020-09-08T15:17:13","date_gmt":"2020-09-08T12:17:13","guid":{"rendered":"http:\/\/ihea.net.tr\/portal\/?p=86"},"modified":"2020-09-08T15:17:13","modified_gmt":"2020-09-08T12:17:13","slug":"ilke-ve-degerler","status":"publish","type":"post","link":"https:\/\/ihea.net.tr\/portal\/2020\/09\/08\/ilke-ve-degerler\/","title":{"rendered":"\u0130lke ve De\u011ferler"},"content":{"rendered":"<p>\u0130nsan Haklar\u0131 E\u011fitimi A\u011f\u0131 a\u015fa\u011f\u0131daki ilke ve de\u011ferlere ba\u011fl\u0131d\u0131r:<\/p>\n<p>&#8211;\u00a0\u00a0\u00a0\u00a0\u00a0\u00a0\u00a0 Evrensel insan haklar\u0131 ilke ve de\u011ferlerine dayal\u0131 olarak \u00e7al\u0131\u015f\u0131r ve insan haklar\u0131 k\u00fclt\u00fcr\u00fcn\u00fcn geli\u015fmesine katk\u0131da bulunur.<\/p>\n<p>&#8211;\u00a0\u00a0\u00a0\u00a0\u00a0\u00a0\u00a0 Her t\u00fcrl\u00fc ayr\u0131mc\u0131l\u0131\u011fa kar\u015f\u0131 \u00e7\u0131karak hareket eder. \u0130nsan haklar\u0131 alan\u0131n\u0131n her t\u00fcrl\u00fc zemininde ayr\u0131mc\u0131l\u0131k kar\u015f\u0131t\u0131 bir tavr\u0131 g\u00f6zetir ve savunur.<\/p>\n<p>&#8211; \u00a0\u00a0\u00a0\u00a0\u00a0\u00a0 B\u00fct\u00fcn faaliyetlerinde toplumsal cinsiyet e\u015fitli\u011fi ilke ve de\u011ferlerinin geli\u015fmesine katk\u0131da bulunur.<\/p>\n<p>&#8211;\u00a0\u00a0\u00a0\u00a0\u00a0\u00a0\u00a0 Hem insan haklar\u0131 e\u011fitimi alan\u0131n\u0131 hem de A\u011f \u00fcyelerini harekete ge\u00e7irmeye ve bu alanda diyalogu te\u015fvik etmeye \u00e7aba g\u00f6sterir.<\/p>\n<p>&#8211;\u00a0\u00a0\u00a0\u00a0\u00a0\u00a0\u00a0 A\u011f\u0131n bile\u015fenlerine, bile\u015fenlerin de A\u011fa kar\u015f\u0131 sorumlulu\u011fu esast\u0131r. Bile\u015fenler,\u00a0 e\u015fitlik ili\u015fkisi temelinde A\u011f\u0131n faaliyetlerine ve karar alma s\u00fcre\u00e7lerine kat\u0131l\u0131r.<\/p>\n<p>&#8211;\u00a0\u00a0\u00a0\u00a0\u00a0\u00a0\u00a0 Her bile\u015fen e\u015fit s\u00f6z hakk\u0131na sahiptir.\u00a0\u00a0 A\u011f faaliyetleri ile ilgili t\u00fcm s\u00fcre\u00e7ler (planlama, uygulama, izleme, de\u011ferlendirme vb.)\u00a0 bile\u015fenlerin e\u015fit kat\u0131l\u0131m\u0131na a\u00e7\u0131kt\u0131r. Bu s\u00fcre\u00e7lere dair her bile\u015fene e\u015fit bilgilendirme yap\u0131l\u0131r ve herkese e\u015fit s\u00f6z hakk\u0131 tan\u0131n\u0131r.<\/p>\n<p>&#8211;\u00a0\u00a0\u00a0\u00a0\u00a0\u00a0\u00a0 A\u011f\u0131n \u00fcyelerine ve kamusal alana kar\u015f\u0131 \u015feffafl\u0131k ve hesap verebilirlik ilkesi kapsam\u0131nda hareket eder; A\u011f\u0131n kolayla\u015ft\u0131r\u0131c\u0131l\u0131\u011f\u0131n\u0131 y\u00fcr\u00fcten \u00f6rg\u00fct, t\u00fcm faaliyetler hakk\u0131nda talep gerekmeksizin bile\u015fenlere bilgi verir.<\/p>\n<p>&#8211; \u00a0\u00a0\u00a0\u00a0\u00a0\u00a0 \u0130nsan haklar\u0131 e\u011fitimi faaliyetlerinde bulunan \u00fcye kurulu\u015flar\u0131n ve di\u011fer kurulu\u015flar\u0131n g\u00f6r\u00fcn\u00fcrl\u00fc\u011f\u00fcn\u00fc, a\u011f\u0131n \u00e7al\u0131\u015fma ilkeleri do\u011frultusunda artt\u0131rmaya \u00f6zen g\u00f6sterir. \u0130HEA faaliyetlerinin g\u00f6r\u00fcn\u00fcrl\u00fc\u011f\u00fc ile \u00f6rg\u00fctlerin faaliyetlerinin g\u00f6r\u00fcn\u00fcrl\u00fc\u011f\u00fc aras\u0131nda denge g\u00f6zetilir.<\/p>\n<p>&#8211;\u00a0\u00a0\u00a0\u00a0\u00a0\u00a0\u00a0 \u0130HEA, kendi varl\u0131\u011f\u0131n\u0131 ve A\u011f \u00fcyelerini korumaya ve g\u00fc\u00e7lendirmeye \u00f6ncelik verir. Bu kapsamda, A\u011f\u0131n her bir faaliyeti i\u00e7in g\u00f6r\u00fcn\u00fcrl\u00fc\u011f\u00fcn ne derece olaca\u011f\u0131 \u00fczerine tart\u0131\u015f\u0131labilir; her bir faaliyet i\u00e7in, a\u011f\u0131n kendisi ve \u00fcyeleri bak\u0131m\u0131ndan durum de\u011ferlendirmesi yap\u0131labilir.<\/p>\n<p>&#8211;\u00a0\u00a0\u00a0\u00a0\u00a0\u00a0\u00a0 A\u011f faaliyetlerine herkesin kat\u0131labilmesi ve eri\u015febilmesi i\u00e7in \u00f6zel gereksinimlerin g\u00f6z \u00f6n\u00fcnde tutulmas\u0131 konusunda gereken \u00f6zeni g\u00f6sterir. Bu durum, hem A\u011f\u0131n kendi i\u00e7 \u00e7al\u0131\u015fmalar\u0131 hem de d\u0131\u015fa a\u00e7\u0131k faaliyetleri i\u00e7in ge\u00e7erlidir.<\/p>\n","protected":false},"excerpt":{"rendered":"<p>\u0130nsan Haklar\u0131 E\u011fitimi A\u011f\u0131 a\u015fa\u011f\u0131daki ilke ve de\u011ferlere ba\u011fl\u0131d\u0131r: &#8211;\u00a0\u00a0\u00a0\u00a0\u00a0\u00a0\u00a0 Evrensel insan haklar\u0131 ilke ve de\u011ferlerine dayal\u0131 olarak \u00e7al\u0131\u015f\u0131r ve insan haklar\u0131 k\u00fclt\u00fcr\u00fcn\u00fcn geli\u015fmesine katk\u0131da bulunur. &#8211;\u00a0\u00a0\u00a0\u00a0\u00a0\u00a0\u00a0 Her t\u00fcrl\u00fc ayr\u0131mc\u0131l\u0131\u011fa kar\u015f\u0131 \u00e7\u0131karak hareket eder. \u0130nsan haklar\u0131 alan\u0131n\u0131n her t\u00fcrl\u00fc zemininde ayr\u0131mc\u0131l\u0131k kar\u015f\u0131t\u0131 bir tavr\u0131 g\u00f6zetir ve savunur. &#8211; \u00a0\u00a0\u00a0\u00a0\u00a0\u00a0 B\u00fct\u00fcn faaliyetlerinde toplumsal cinsiyet e\u015fitli\u011fi ilke [&hellip;]<\/p>\n","protected":false},"author":1,"featured_media":0,"comment_status":"open","ping_status":"open","sticky":false,"template":"","format":"standard","meta":{"tdm_status":"","tdm_grid_status":""},"categories":[39],"tags":[],"_links":{"self":[{"href":"https:\/\/ihea.net.tr\/portal\/wp-json\/wp\/v2\/posts\/86"}],"collection":[{"href":"https:\/\/ihea.net.tr\/portal\/wp-json\/wp\/v2\/posts"}],"about":[{"href":"https:\/\/ihea.net.tr\/portal\/wp-json\/wp\/v2\/types\/post"}],"author":[{"embeddable":true,"href":"https:\/\/ihea.net.tr\/portal\/wp-json\/wp\/v2\/users\/1"}],"replies":[{"embeddable":true,"href":"https:\/\/ihea.net.tr\/portal\/wp-json\/wp\/v2\/comments?post=86"}],"version-history":[{"count":1,"href":"https:\/\/ihea.net.tr\/portal\/wp-json\/wp\/v2\/posts\/86\/revisions"}],"predecessor-version":[{"id":87,"href":"https:\/\/ihea.net.tr\/portal\/wp-json\/wp\/v2\/posts\/86\/revisions\/87"}],"wp:attachment":[{"href":"https:\/\/ihea.net.tr\/portal\/wp-json\/wp\/v2\/media?parent=86"}],"wp:term":[{"taxonomy":"category","embeddable":true,"href":"https:\/\/ihea.net.tr\/portal\/wp-json\/wp\/v2\/categories?post=86"},{"taxonomy":"post_tag","embeddable":true,"href":"https:\/\/ihea.net.tr\/portal\/wp-json\/wp\/v2\/tags?post=86"}],"curies":[{"name":"wp","href":"https:\/\/api.w.org\/{rel}","templated":true}]}}