{"id":89,"date":"2020-09-08T15:25:44","date_gmt":"2020-09-08T12:25:44","guid":{"rendered":"http:\/\/ihea.net.tr\/portal\/?p=89"},"modified":"2020-09-08T15:25:44","modified_gmt":"2020-09-08T12:25:44","slug":"avrupa-yerel-demokrasi-haftasi","status":"publish","type":"post","link":"https:\/\/ihea.net.tr\/portal\/2020\/09\/08\/avrupa-yerel-demokrasi-haftasi\/","title":{"rendered":"Avrupa Yerel Demokrasi Haftas\u0131"},"content":{"rendered":"<p>15 Ekim 1985 tarihinde imzalanan Avrupa Yerel Y\u00f6netim \u00d6zerklik \u015eart\u0131\u2019n\u0131 hat\u0131rlatmak i\u00e7in, 2007 y\u0131l\u0131ndan beri her y\u0131l Ekim ay\u0131nda, Avrupa Konseyi Yerel ve B\u00f6lgesel Y\u00f6netimler Kongresi\u2019nin \u00f6nc\u00fcl\u00fc\u011f\u00fcnde, Avrupa \u00e7ap\u0131nda \u00e7e\u015fitli etkinliklerle <strong><em>Avrupa Yerel Demokrasi Haftas\u0131<\/em><\/strong> (ELDW) kutlanmaktad\u0131r.<\/p>\n<p>\u0130HEA, 11 Ekim 2019\u2019da Avrupa Yerel Demokrasi Haftas\u0131 kapsam\u0131nda \u201cYerel Y\u00f6netimlerde \u0130nsan Haklar\u0131 ve \u0130nsan Haklar\u0131 E\u011fitimi\u201d ba\u015fl\u0131kl\u0131 bir panel d\u00fczenledi.<\/p>\n","protected":false},"excerpt":{"rendered":"<p>15 Ekim 1985 tarihinde imzalanan Avrupa Yerel Y\u00f6netim \u00d6zerklik \u015eart\u0131\u2019n\u0131 hat\u0131rlatmak i\u00e7in, 2007 y\u0131l\u0131ndan beri her y\u0131l Ekim ay\u0131nda, Avrupa Konseyi Yerel ve B\u00f6lgesel Y\u00f6netimler Kongresi\u2019nin \u00f6nc\u00fcl\u00fc\u011f\u00fcnde, Avrupa \u00e7ap\u0131nda \u00e7e\u015fitli etkinliklerle Avrupa Yerel Demokrasi Haftas\u0131 (ELDW) kutlanmaktad\u0131r. \u0130HEA, 11 Ekim 2019\u2019da Avrupa Yerel Demokrasi Haftas\u0131 kapsam\u0131nda \u201cYerel Y\u00f6netimlerde \u0130nsan Haklar\u0131 ve \u0130nsan Haklar\u0131 E\u011fitimi\u201d ba\u015fl\u0131kl\u0131 [&hellip;]<\/p>\n","protected":false},"author":1,"featured_media":0,"comment_status":"open","ping_status":"open","sticky":false,"template":"","format":"standard","meta":{"tdm_status":"","tdm_grid_status":""},"categories":[40,41],"tags":[],"_links":{"self":[{"href":"https:\/\/ihea.net.tr\/portal\/wp-json\/wp\/v2\/posts\/89"}],"collection":[{"href":"https:\/\/ihea.net.tr\/portal\/wp-json\/wp\/v2\/posts"}],"about":[{"href":"https:\/\/ihea.net.tr\/portal\/wp-json\/wp\/v2\/types\/post"}],"author":[{"embeddable":true,"href":"https:\/\/ihea.net.tr\/portal\/wp-json\/wp\/v2\/users\/1"}],"replies":[{"embeddable":true,"href":"https:\/\/ihea.net.tr\/portal\/wp-json\/wp\/v2\/comments?post=89"}],"version-history":[{"count":1,"href":"https:\/\/ihea.net.tr\/portal\/wp-json\/wp\/v2\/posts\/89\/revisions"}],"predecessor-version":[{"id":90,"href":"https:\/\/ihea.net.tr\/portal\/wp-json\/wp\/v2\/posts\/89\/revisions\/90"}],"wp:attachment":[{"href":"https:\/\/ihea.net.tr\/portal\/wp-json\/wp\/v2\/media?parent=89"}],"wp:term":[{"taxonomy":"category","embeddable":true,"href":"https:\/\/ihea.net.tr\/portal\/wp-json\/wp\/v2\/categories?post=89"},{"taxonomy":"post_tag","embeddable":true,"href":"https:\/\/ihea.net.tr\/portal\/wp-json\/wp\/v2\/tags?post=89"}],"curies":[{"name":"wp","href":"https:\/\/api.w.org\/{rel}","templated":true}]}}