{"id":98,"date":"2020-09-08T15:32:28","date_gmt":"2020-09-08T12:32:28","guid":{"rendered":"http:\/\/ihea.net.tr\/portal\/?p=98"},"modified":"2020-09-08T15:32:28","modified_gmt":"2020-09-08T12:32:28","slug":"faydali-baglantilar","status":"publish","type":"post","link":"https:\/\/ihea.net.tr\/portal\/2020\/09\/08\/faydali-baglantilar\/","title":{"rendered":"Faydal\u0131 Ba\u011flant\u0131lar"},"content":{"rendered":"<ul>\n<li>T\u00fcrkiye B\u00fcy\u00fck Millet Meclisi<\/li>\n<\/ul>\n<p><a href=\"https:\/\/www.tbmm.gov.tr\/\">https:\/\/www.tbmm.gov.tr\/<\/a><\/p>\n<ul>\n<li>Resmi Gazete<\/li>\n<\/ul>\n<p><a href=\"https:\/\/www.resmigazete.gov.tr\/\">https:\/\/www.resmigazete.gov.tr\/<\/a><\/p>\n<ul>\n<li>T\u00fcrkiye \u0130nsan Haklar\u0131 ve E\u015fitlik Kurumu<\/li>\n<\/ul>\n<p><a href=\"https:\/\/www.tihek.gov.tr\/\">https:\/\/www.tihek.gov.tr\/<\/a><\/p>\n<ul>\n<li>Kamu Denet\u00e7ili\u011fi Kurumu<\/li>\n<\/ul>\n<p><a href=\"https:\/\/www.ombudsman.gov.tr\/\">https:\/\/www.ombudsman.gov.tr\/<\/a><\/p>\n<ul>\n<li>Milli E\u011fitim Bakanl\u0131\u011f\u0131<\/li>\n<\/ul>\n<p><a href=\"https:\/\/www.meb.gov.tr\/\">https:\/\/www.meb.gov.tr\/<\/a><\/p>\n<ul>\n<li>Y\u00fcksek \u00d6\u011fretim Kurulu<\/li>\n<\/ul>\n<p><a href=\"https:\/\/www.yok.gov.tr\/\">https:\/\/www.yok.gov.tr\/<\/a><\/p>\n<ul>\n<li>D\u0131\u015fi\u015fleri Bakanl\u0131\u011f\u0131 Avrupa Birli\u011fi Ba\u015fkanl\u0131\u011f\u0131<\/li>\n<\/ul>\n<p><a href=\"https:\/\/www.ab.gov.tr\/\">https:\/\/www.ab.gov.tr\/<\/a><\/p>\n<ul>\n<li>Birle\u015fmi\u015f Milletler<\/li>\n<\/ul>\n<p><a href=\"https:\/\/www.un.org\/en\/\">https:\/\/www.un.org\/en\/<\/a><\/p>\n<ul>\n<li>Avrupa Konseyi<\/li>\n<\/ul>\n<p><a href=\"https:\/\/www.coe.int\/en\/web\/portal\">https:\/\/www.coe.int\/en\/web\/portal<\/a><\/p>\n<ul>\n<li>Avrupa Birli\u011fi<\/li>\n<\/ul>\n<p><a href=\"https:\/\/europa.eu\/\">https:\/\/europa.eu\/<\/a><\/p>\n","protected":false},"excerpt":{"rendered":"<p>T\u00fcrkiye B\u00fcy\u00fck Millet Meclisi https:\/\/www.tbmm.gov.tr\/ Resmi Gazete https:\/\/www.resmigazete.gov.tr\/ T\u00fcrkiye \u0130nsan Haklar\u0131 ve E\u015fitlik Kurumu https:\/\/www.tihek.gov.tr\/ Kamu Denet\u00e7ili\u011fi Kurumu https:\/\/www.ombudsman.gov.tr\/ Milli E\u011fitim Bakanl\u0131\u011f\u0131 https:\/\/www.meb.gov.tr\/ Y\u00fcksek \u00d6\u011fretim Kurulu https:\/\/www.yok.gov.tr\/ D\u0131\u015fi\u015fleri Bakanl\u0131\u011f\u0131 Avrupa Birli\u011fi Ba\u015fkanl\u0131\u011f\u0131 https:\/\/www.ab.gov.tr\/ Birle\u015fmi\u015f Milletler https:\/\/www.un.org\/en\/ Avrupa Konseyi https:\/\/www.coe.int\/en\/web\/portal Avrupa Birli\u011fi https:\/\/europa.eu\/<\/p>\n","protected":false},"author":1,"featured_media":0,"comment_status":"open","ping_status":"open","sticky":false,"template":"","format":"standard","meta":{"tdm_status":"","tdm_grid_status":""},"categories":[1],"tags":[],"_links":{"self":[{"href":"https:\/\/ihea.net.tr\/portal\/wp-json\/wp\/v2\/posts\/98"}],"collection":[{"href":"https:\/\/ihea.net.tr\/portal\/wp-json\/wp\/v2\/posts"}],"about":[{"href":"https:\/\/ihea.net.tr\/portal\/wp-json\/wp\/v2\/types\/post"}],"author":[{"embeddable":true,"href":"https:\/\/ihea.net.tr\/portal\/wp-json\/wp\/v2\/users\/1"}],"replies":[{"embeddable":true,"href":"https:\/\/ihea.net.tr\/portal\/wp-json\/wp\/v2\/comments?post=98"}],"version-history":[{"count":1,"href":"https:\/\/ihea.net.tr\/portal\/wp-json\/wp\/v2\/posts\/98\/revisions"}],"predecessor-version":[{"id":99,"href":"https:\/\/ihea.net.tr\/portal\/wp-json\/wp\/v2\/posts\/98\/revisions\/99"}],"wp:attachment":[{"href":"https:\/\/ihea.net.tr\/portal\/wp-json\/wp\/v2\/media?parent=98"}],"wp:term":[{"taxonomy":"category","embeddable":true,"href":"https:\/\/ihea.net.tr\/portal\/wp-json\/wp\/v2\/categories?post=98"},{"taxonomy":"post_tag","embeddable":true,"href":"https:\/\/ihea.net.tr\/portal\/wp-json\/wp\/v2\/tags?post=98"}],"curies":[{"name":"wp","href":"https:\/\/api.w.org\/{rel}","templated":true}]}}